{"id":620,"date":"2014-09-20T15:05:11","date_gmt":"2014-09-20T13:05:11","guid":{"rendered":"http:\/\/www.ufwaerts.ch\/wp4\/?p=620"},"modified":"2014-11-12T14:12:22","modified_gmt":"2014-11-12T12:12:22","slug":"sassauna-2307m-2","status":"publish","type":"post","link":"http:\/\/www.ufwaerts.ch\/wp4\/?p=620","title":{"rendered":"Sassauna (2307m)"},"content":{"rendered":"<p><strong>Hike and Fly mit den Globiflyers<\/strong><\/p>\n<p>Heute haben wir ein fliegbares Wetterfenster ausgen\u00fctzt und uns f\u00fcr einen kleinen Hike and Fly im Vorderpr\u00e4ttigau getroffen. Mit mechanischer Unterst\u00fctzung aufs Eggli und dann gem\u00fctlich \u00fcber den Westgrat auf den Sassauna gewandert. In der ruhigen Herbstluft sind wir schlussendlich zusammen nach Schiers geflogen.<\/p>\n<p><img loading=\"lazy\" decoding=\"async\" class=\"alignnone size-full wp-image-621\" src=\"http:\/\/www.ufwaerts.ch\/wp4\/wp-content\/uploads\/2014\/09\/imgweb0011.jpg\" alt=\"Westgrat\" width=\"820\" height=\"461\" srcset=\"http:\/\/www.ufwaerts.ch\/wp4\/wp-content\/uploads\/2014\/09\/imgweb0011.jpg 820w, http:\/\/www.ufwaerts.ch\/wp4\/wp-content\/uploads\/2014\/09\/imgweb0011-300x168.jpg 300w\" sizes=\"auto, (max-width: 820px) 100vw, 820px\" \/><br \/>\nAussicht vom Sassauna<\/p>\n<p><img loading=\"lazy\" decoding=\"async\" class=\"alignnone size-full wp-image-622\" src=\"http:\/\/www.ufwaerts.ch\/wp4\/wp-content\/uploads\/2014\/09\/imgweb0021.jpg\" alt=\"Gipfel\" width=\"820\" height=\"461\" srcset=\"http:\/\/www.ufwaerts.ch\/wp4\/wp-content\/uploads\/2014\/09\/imgweb0021.jpg 820w, http:\/\/www.ufwaerts.ch\/wp4\/wp-content\/uploads\/2014\/09\/imgweb0021-300x168.jpg 300w\" sizes=\"auto, (max-width: 820px) 100vw, 820px\" \/><br \/>\nGipfelkreuz<\/p>\n<p><img loading=\"lazy\" decoding=\"async\" class=\"alignnone size-full wp-image-623\" src=\"http:\/\/www.ufwaerts.ch\/wp4\/wp-content\/uploads\/2014\/09\/imgweb0031.jpg\" alt=\"blaue St\u00f6rung\" width=\"820\" height=\"461\" srcset=\"http:\/\/www.ufwaerts.ch\/wp4\/wp-content\/uploads\/2014\/09\/imgweb0031.jpg 820w, http:\/\/www.ufwaerts.ch\/wp4\/wp-content\/uploads\/2014\/09\/imgweb0031-300x168.jpg 300w\" sizes=\"auto, (max-width: 820px) 100vw, 820px\" \/><br \/>\nFalknisgebiet<\/p>\n<p><img loading=\"lazy\" decoding=\"async\" class=\"alignnone size-full wp-image-624\" src=\"http:\/\/www.ufwaerts.ch\/wp4\/wp-content\/uploads\/2014\/09\/imgweb0041.jpg\" alt=\"Schesi\" width=\"820\" height=\"461\" srcset=\"http:\/\/www.ufwaerts.ch\/wp4\/wp-content\/uploads\/2014\/09\/imgweb0041.jpg 820w, http:\/\/www.ufwaerts.ch\/wp4\/wp-content\/uploads\/2014\/09\/imgweb0041-300x168.jpg 300w\" sizes=\"auto, (max-width: 820px) 100vw, 820px\" \/><br \/>\nSchesi<\/p>\n<p><img loading=\"lazy\" decoding=\"async\" class=\"alignnone size-full wp-image-625\" src=\"http:\/\/www.ufwaerts.ch\/wp4\/wp-content\/uploads\/2014\/09\/imgweb0051.jpg\" alt=\"Jodok, Hampi und Steini's\" width=\"820\" height=\"461\" srcset=\"http:\/\/www.ufwaerts.ch\/wp4\/wp-content\/uploads\/2014\/09\/imgweb0051.jpg 820w, http:\/\/www.ufwaerts.ch\/wp4\/wp-content\/uploads\/2014\/09\/imgweb0051-300x168.jpg 300w\" sizes=\"auto, (max-width: 820px) 100vw, 820px\" \/><br \/>\nThe Globiflyers<\/p>\n<p><img loading=\"lazy\" decoding=\"async\" class=\"alignnone size-full wp-image-626\" src=\"http:\/\/www.ufwaerts.ch\/wp4\/wp-content\/uploads\/2014\/09\/imgweb0061.jpg\" alt=\"Startklar\" width=\"820\" height=\"461\" srcset=\"http:\/\/www.ufwaerts.ch\/wp4\/wp-content\/uploads\/2014\/09\/imgweb0061.jpg 820w, http:\/\/www.ufwaerts.ch\/wp4\/wp-content\/uploads\/2014\/09\/imgweb0061-300x168.jpg 300w\" sizes=\"auto, (max-width: 820px) 100vw, 820px\" \/><br \/>\nNylonflecken<\/p>\n<p><img loading=\"lazy\" decoding=\"async\" class=\"alignnone size-full wp-image-627\" src=\"http:\/\/www.ufwaerts.ch\/wp4\/wp-content\/uploads\/2014\/09\/imgweb0071.jpg\" alt=\"Steinis am Biplace\" width=\"820\" height=\"461\" srcset=\"http:\/\/www.ufwaerts.ch\/wp4\/wp-content\/uploads\/2014\/09\/imgweb0071.jpg 820w, http:\/\/www.ufwaerts.ch\/wp4\/wp-content\/uploads\/2014\/09\/imgweb0071-300x168.jpg 300w\" sizes=\"auto, (max-width: 820px) 100vw, 820px\" \/><br \/>\nSteinis<\/p>\n<p><img loading=\"lazy\" decoding=\"async\" class=\"alignnone size-full wp-image-628\" src=\"http:\/\/www.ufwaerts.ch\/wp4\/wp-content\/uploads\/2014\/09\/imgweb0081.jpg\" alt=\"Jodok\" width=\"820\" height=\"461\" srcset=\"http:\/\/www.ufwaerts.ch\/wp4\/wp-content\/uploads\/2014\/09\/imgweb0081.jpg 820w, http:\/\/www.ufwaerts.ch\/wp4\/wp-content\/uploads\/2014\/09\/imgweb0081-300x168.jpg 300w\" sizes=\"auto, (max-width: 820px) 100vw, 820px\" \/><br \/>\nJodok<\/p>\n<p><img loading=\"lazy\" decoding=\"async\" class=\"alignnone size-full wp-image-629\" src=\"http:\/\/www.ufwaerts.ch\/wp4\/wp-content\/uploads\/2014\/09\/imgweb0091.jpg\" alt=\"imgweb009\" width=\"820\" height=\"461\" srcset=\"http:\/\/www.ufwaerts.ch\/wp4\/wp-content\/uploads\/2014\/09\/imgweb0091.jpg 820w, http:\/\/www.ufwaerts.ch\/wp4\/wp-content\/uploads\/2014\/09\/imgweb0091-300x168.jpg 300w\" sizes=\"auto, (max-width: 820px) 100vw, 820px\" \/><br \/>\nVorderpr\u00e4ttigau<\/p>\n<p><img loading=\"lazy\" decoding=\"async\" class=\"alignnone size-full wp-image-630\" src=\"http:\/\/www.ufwaerts.ch\/wp4\/wp-content\/uploads\/2014\/09\/imgweb0101.jpg\" alt=\"Chlus\" width=\"820\" height=\"461\" srcset=\"http:\/\/www.ufwaerts.ch\/wp4\/wp-content\/uploads\/2014\/09\/imgweb0101.jpg 820w, http:\/\/www.ufwaerts.ch\/wp4\/wp-content\/uploads\/2014\/09\/imgweb0101-300x168.jpg 300w\" sizes=\"auto, (max-width: 820px) 100vw, 820px\" \/><br \/>\nChlus Zoom<\/p>\n<p><img loading=\"lazy\" decoding=\"async\" class=\"alignnone size-full wp-image-631\" src=\"http:\/\/www.ufwaerts.ch\/wp4\/wp-content\/uploads\/2014\/09\/imgweb0111.jpg\" alt=\"Biplace im Anflug\" width=\"820\" height=\"461\" srcset=\"http:\/\/www.ufwaerts.ch\/wp4\/wp-content\/uploads\/2014\/09\/imgweb0111.jpg 820w, http:\/\/www.ufwaerts.ch\/wp4\/wp-content\/uploads\/2014\/09\/imgweb0111-300x168.jpg 300w\" sizes=\"auto, (max-width: 820px) 100vw, 820px\" \/><br \/>\nEndanflug StoneAir<\/p>\n<p><img loading=\"lazy\" decoding=\"async\" class=\"alignnone size-full wp-image-632\" src=\"http:\/\/www.ufwaerts.ch\/wp4\/wp-content\/uploads\/2014\/09\/imgweb0121.jpg\" alt=\"sanft gelandet\" width=\"820\" height=\"461\" srcset=\"http:\/\/www.ufwaerts.ch\/wp4\/wp-content\/uploads\/2014\/09\/imgweb0121.jpg 820w, http:\/\/www.ufwaerts.ch\/wp4\/wp-content\/uploads\/2014\/09\/imgweb0121-300x168.jpg 300w\" sizes=\"auto, (max-width: 820px) 100vw, 820px\" \/><br \/>\nLandung in Schiers<\/p>\n<p><img loading=\"lazy\" decoding=\"async\" class=\"alignnone size-full wp-image-633\" src=\"http:\/\/www.ufwaerts.ch\/wp4\/wp-content\/uploads\/2014\/09\/imgweb0131.jpg\" alt=\"Karte\" width=\"820\" height=\"499\" srcset=\"http:\/\/www.ufwaerts.ch\/wp4\/wp-content\/uploads\/2014\/09\/imgweb0131.jpg 820w, http:\/\/www.ufwaerts.ch\/wp4\/wp-content\/uploads\/2014\/09\/imgweb0131-300x182.jpg 300w\" sizes=\"auto, (max-width: 820px) 100vw, 820px\" \/><br \/>\nHike und Flugroute<\/p>\n","protected":false},"excerpt":{"rendered":"<p>Hike and Fly mit den Globiflyers Heute haben wir ein fliegbares Wetterfenster [&hellip;]<\/p>\n","protected":false},"author":1,"featured_media":0,"comment_status":"open","ping_status":"closed","sticky":false,"template":"","format":"standard","meta":{"footnotes":""},"categories":[8],"tags":[9],"class_list":["post-620","post","type-post","status-publish","format-standard","hentry","category-hike-and-fly","tag-praettigau"],"_links":{"self":[{"href":"http:\/\/www.ufwaerts.ch\/wp4\/index.php?rest_route=\/wp\/v2\/posts\/620","targetHints":{"allow":["GET"]}}],"collection":[{"href":"http:\/\/www.ufwaerts.ch\/wp4\/index.php?rest_route=\/wp\/v2\/posts"}],"about":[{"href":"http:\/\/www.ufwaerts.ch\/wp4\/index.php?rest_route=\/wp\/v2\/types\/post"}],"author":[{"embeddable":true,"href":"http:\/\/www.ufwaerts.ch\/wp4\/index.php?rest_route=\/wp\/v2\/users\/1"}],"replies":[{"embeddable":true,"href":"http:\/\/www.ufwaerts.ch\/wp4\/index.php?rest_route=%2Fwp%2Fv2%2Fcomments&post=620"}],"version-history":[{"count":3,"href":"http:\/\/www.ufwaerts.ch\/wp4\/index.php?rest_route=\/wp\/v2\/posts\/620\/revisions"}],"predecessor-version":[{"id":957,"href":"http:\/\/www.ufwaerts.ch\/wp4\/index.php?rest_route=\/wp\/v2\/posts\/620\/revisions\/957"}],"wp:attachment":[{"href":"http:\/\/www.ufwaerts.ch\/wp4\/index.php?rest_route=%2Fwp%2Fv2%2Fmedia&parent=620"}],"wp:term":[{"taxonomy":"category","embeddable":true,"href":"http:\/\/www.ufwaerts.ch\/wp4\/index.php?rest_route=%2Fwp%2Fv2%2Fcategories&post=620"},{"taxonomy":"post_tag","embeddable":true,"href":"http:\/\/www.ufwaerts.ch\/wp4\/index.php?rest_route=%2Fwp%2Fv2%2Ftags&post=620"}],"curies":[{"name":"wp","href":"https:\/\/api.w.org\/{rel}","templated":true}]}}