{"id":5501,"date":"2019-08-09T21:26:25","date_gmt":"2019-08-09T19:26:25","guid":{"rendered":"http:\/\/www.ufwaerts.ch\/wp4\/?p=5501"},"modified":"2019-08-09T21:30:59","modified_gmt":"2019-08-09T19:30:59","slug":"bike-hike-via-ferrata","status":"publish","type":"post","link":"http:\/\/www.ufwaerts.ch\/wp4\/?p=5501","title":{"rendered":"Bike, Hike &#038; via Ferrata"},"content":{"rendered":"\n<div class=\"wp-block-cover has-background-dim is-layout-flow wp-block-cover-is-layout-flow\" style=\"background-image:url(http:\/\/www.ufwaerts.ch\/wp4\/wp-content\/uploads\/2019\/08\/DSC01149-2-2-1718x1000.jpg)\"><p class=\"wp-block-cover-text\">Partnunblick <\/p><\/div>\n\n\n\n<p>Im Jahr 2012, am 22 August (<a href=\"http:\/\/www.ufwaerts.ch\/wp4\/?p=1073\">http:\/\/www.ufwaerts.ch\/wp4\/?p=1073<\/a>) wurde nach mehr oder weniger Blutverd\u00fcnner von Sascha die absolut t\u00f6dlichste aller aussage gemacht &#8221; I wett\u00e4 du schaffsch es nid \u2026.. . Am 23 war ich auch dabei als die Gelatti&#8217;s gen\u00fcsslich auf dem B\u00e4nkli auf dem Klettersteig Sulzfluh verputzt wurden. <\/p>\n\n\n\n<p>2019 habe ich aus den <strong>Medien<\/strong> erfahren, dass eben besagter Gelattilieferant ein neuer Klettersteig eingerichtet hat im Partnun.  Vergeblich versuchte ich eine Bestellung via Telefon durchzugeben. Da bald unsere Tochter Geburtstag hat und ich mich noch einen Tag davonschleichen kann, wollte ich diese beiden Steige halt eben ohne Gelatti angehen. <\/p>\n\n\n\n<p>Heute Morgen bin ich beim Parkplatz ohne &#8220;ausgeliehenen&#8221; Roten Untersatz mit dem Bike gestartet. <\/p>\n\n\n\n<figure class=\"wp-block-image\"><img loading=\"lazy\" decoding=\"async\" width=\"1333\" height=\"1000\" src=\"http:\/\/www.ufwaerts.ch\/wp4\/wp-content\/uploads\/2019\/08\/IMG_0845-1333x1000.jpg\" alt=\"\" class=\"wp-image-5514\" srcset=\"http:\/\/www.ufwaerts.ch\/wp4\/wp-content\/uploads\/2019\/08\/IMG_0845-1333x1000.jpg 1333w, http:\/\/www.ufwaerts.ch\/wp4\/wp-content\/uploads\/2019\/08\/IMG_0845-800x600.jpg 800w, http:\/\/www.ufwaerts.ch\/wp4\/wp-content\/uploads\/2019\/08\/IMG_0845-768x576.jpg 768w, http:\/\/www.ufwaerts.ch\/wp4\/wp-content\/uploads\/2019\/08\/IMG_0845-360x270.jpg 360w, http:\/\/www.ufwaerts.ch\/wp4\/wp-content\/uploads\/2019\/08\/IMG_0845-80x60.jpg 80w\" sizes=\"auto, (max-width: 1333px) 100vw, 1333px\" \/><\/figure>\n\n\n\n<p>Zuerst etwas Bike, dan Hike und schon ist man beim neuen Einstieg zum Familienklettersteig angekommen. <\/p>\n\n\n\n<figure class=\"wp-block-image\"><img loading=\"lazy\" decoding=\"async\" width=\"1333\" height=\"1000\" src=\"http:\/\/www.ufwaerts.ch\/wp4\/wp-content\/uploads\/2019\/08\/IMG_0846-1333x1000.jpg\" alt=\"\" class=\"wp-image-5515\" srcset=\"http:\/\/www.ufwaerts.ch\/wp4\/wp-content\/uploads\/2019\/08\/IMG_0846-1333x1000.jpg 1333w, http:\/\/www.ufwaerts.ch\/wp4\/wp-content\/uploads\/2019\/08\/IMG_0846-800x600.jpg 800w, http:\/\/www.ufwaerts.ch\/wp4\/wp-content\/uploads\/2019\/08\/IMG_0846-768x576.jpg 768w, http:\/\/www.ufwaerts.ch\/wp4\/wp-content\/uploads\/2019\/08\/IMG_0846-360x270.jpg 360w, http:\/\/www.ufwaerts.ch\/wp4\/wp-content\/uploads\/2019\/08\/IMG_0846-80x60.jpg 80w\" sizes=\"auto, (max-width: 1333px) 100vw, 1333px\" \/><figcaption>Die Beschilderung ist Top <\/figcaption><\/figure>\n\n\n\n<figure class=\"wp-block-image\"><img loading=\"lazy\" decoding=\"async\" width=\"751\" height=\"1000\" src=\"http:\/\/www.ufwaerts.ch\/wp4\/wp-content\/uploads\/2019\/08\/IMG_0848-1-751x1000.jpg\" alt=\"\" class=\"wp-image-5518\" srcset=\"http:\/\/www.ufwaerts.ch\/wp4\/wp-content\/uploads\/2019\/08\/IMG_0848-1-751x1000.jpg 751w, http:\/\/www.ufwaerts.ch\/wp4\/wp-content\/uploads\/2019\/08\/IMG_0848-1-451x600.jpg 451w, http:\/\/www.ufwaerts.ch\/wp4\/wp-content\/uploads\/2019\/08\/IMG_0848-1-768x1022.jpg 768w\" sizes=\"auto, (max-width: 751px) 100vw, 751px\" \/><figcaption>Beim Einstieg<\/figcaption><\/figure>\n\n\n\n<p>Der erste Sektor der beiden neuen Steige ist als Familiensteig angepriesen. Die Schl\u00fcsselstelle kurz nach dem Einstieg, wenn beide &#8220;B\u00e4uche&#8221; aufeinandertreffen hab ich noch z\u00fcgig \u00fcberklettert. Kurz danach bemerkte ich jedoch schon die ersten fehlenden Kletterkilometer in den Armen.<\/p>\n\n\n\n<p>Nach dem ersten Familien und &#8220;Bauchfreundlichen&#8221; Sektor gings in der aufw\u00e4rmenden Tageshitze weiter zum Einstieg in den zweiten Sektor. Wenigstens habe ich mir den w\u00e4rmsten Tag der Woche ausgesucht und die kurzen Hosen haben sich gelohnt. Leider sind kurze Hosen und R\u00e4tikonkalk ein ganz schlechte Kombination. Mit &#8220;aufgeschg\u00fcrbelten&#8221; Knien machte ich in den Top modernen Wandergruppen einen eher komischen Eindruck. Was solls &#8230;..<\/p>\n\n\n\n<p>Beim Zweiten Sektor angekommen, konnte ich die Steilheit und die Armmuskeln bereits sp\u00fcren. Da bereits zwei weitere Kandidaten hinter mir anstanden konnte ich nach der Pause nicht mehr zur\u00fcck. &#8220;Passt Schoo&#8221; sagen gewisse Kletterer aus dem Bayrischen Urwald. Also los. <\/p>\n\n\n\n<p>Ich muss sagen, der Klettersteig ist super und interessant eingerichtet. Da muss man dem Ersteller ein Kr\u00e4nzchen binden, der versteht sein Handwerk im R\u00e4tikonkalk. Einzig, der &#8220;Ch\u00f6ttihammeraustieg&#8221; ist reine Provokation  ;-).  Super finde ich jedoch auch bei diesem Steig, wie immer im R\u00e4tikon, es ist erst vorbei wenn&#8217;s vorbei ist \u2026\u2026\u2026\u2026.<br><\/p>\n\n\n\n<figure class=\"wp-block-image\"><img loading=\"lazy\" decoding=\"async\" width=\"1273\" height=\"1000\" src=\"http:\/\/www.ufwaerts.ch\/wp4\/wp-content\/uploads\/2019\/08\/DSC01154-3-1273x1000.jpg\" alt=\"\" class=\"wp-image-5537\" srcset=\"http:\/\/www.ufwaerts.ch\/wp4\/wp-content\/uploads\/2019\/08\/DSC01154-3-1273x1000.jpg 1273w, http:\/\/www.ufwaerts.ch\/wp4\/wp-content\/uploads\/2019\/08\/DSC01154-3-764x600.jpg 764w, http:\/\/www.ufwaerts.ch\/wp4\/wp-content\/uploads\/2019\/08\/DSC01154-3-768x603.jpg 768w\" sizes=\"auto, (max-width: 1273px) 100vw, 1273px\" \/><figcaption>Nach der ersten Steilpassage im zweiten Sektor <\/figcaption><\/figure>\n\n\n\n<figure class=\"wp-block-image\"><img loading=\"lazy\" decoding=\"async\" width=\"1064\" height=\"1000\" src=\"http:\/\/www.ufwaerts.ch\/wp4\/wp-content\/uploads\/2019\/08\/DSC01156-2-1064x1000.jpg\" alt=\"\" class=\"wp-image-5535\" srcset=\"http:\/\/www.ufwaerts.ch\/wp4\/wp-content\/uploads\/2019\/08\/DSC01156-2-1064x1000.jpg 1064w, http:\/\/www.ufwaerts.ch\/wp4\/wp-content\/uploads\/2019\/08\/DSC01156-2-638x600.jpg 638w, http:\/\/www.ufwaerts.ch\/wp4\/wp-content\/uploads\/2019\/08\/DSC01156-2-768x722.jpg 768w\" sizes=\"auto, (max-width: 1064px) 100vw, 1064px\" \/><figcaption>Steil \u2026\u2026.. <\/figcaption><\/figure>\n\n\n\n<figure class=\"wp-block-image\"><img loading=\"lazy\" decoding=\"async\" width=\"949\" height=\"1000\" src=\"http:\/\/www.ufwaerts.ch\/wp4\/wp-content\/uploads\/2019\/08\/DSC01157-2-2-949x1000.jpg\" alt=\"\" class=\"wp-image-5534\"\/><\/figure>\n\n\n\n<figure class=\"wp-block-image\"><img loading=\"lazy\" decoding=\"async\" width=\"750\" height=\"1000\" src=\"http:\/\/www.ufwaerts.ch\/wp4\/wp-content\/uploads\/2019\/08\/IMG_0853-1-e1565376882320-750x1000.jpg\" alt=\"\" class=\"wp-image-5529\" srcset=\"http:\/\/www.ufwaerts.ch\/wp4\/wp-content\/uploads\/2019\/08\/IMG_0853-1-e1565376882320-750x1000.jpg 750w, http:\/\/www.ufwaerts.ch\/wp4\/wp-content\/uploads\/2019\/08\/IMG_0853-1-e1565376882320-450x600.jpg 450w, http:\/\/www.ufwaerts.ch\/wp4\/wp-content\/uploads\/2019\/08\/IMG_0853-1-e1565376882320-768x1024.jpg 768w\" sizes=\"auto, (max-width: 750px) 100vw, 750px\" \/><figcaption>Platz f\u00fcr ein Gelatti <\/figcaption><\/figure>\n\n\n\n<figure class=\"wp-block-image\"><img loading=\"lazy\" decoding=\"async\" width=\"750\" height=\"1000\" src=\"http:\/\/www.ufwaerts.ch\/wp4\/wp-content\/uploads\/2019\/08\/IMG_0852-e1565377225927-750x1000.jpg\" alt=\"\" class=\"wp-image-5527\" srcset=\"http:\/\/www.ufwaerts.ch\/wp4\/wp-content\/uploads\/2019\/08\/IMG_0852-e1565377225927-750x1000.jpg 750w, http:\/\/www.ufwaerts.ch\/wp4\/wp-content\/uploads\/2019\/08\/IMG_0852-e1565377225927-450x600.jpg 450w, http:\/\/www.ufwaerts.ch\/wp4\/wp-content\/uploads\/2019\/08\/IMG_0852-e1565377225927-768x1024.jpg 768w\" sizes=\"auto, (max-width: 750px) 100vw, 750px\" \/><\/figure>\n\n\n\n<figure class=\"wp-block-image\"><img loading=\"lazy\" decoding=\"async\" width=\"1655\" height=\"430\" src=\"http:\/\/www.ufwaerts.ch\/wp4\/wp-content\/uploads\/2019\/08\/H\u00f6henprofil.png\" alt=\"\" class=\"wp-image-5538\" srcset=\"http:\/\/www.ufwaerts.ch\/wp4\/wp-content\/uploads\/2019\/08\/H\u00f6henprofil.png 1655w, http:\/\/www.ufwaerts.ch\/wp4\/wp-content\/uploads\/2019\/08\/H\u00f6henprofil-920x239.png 920w, http:\/\/www.ufwaerts.ch\/wp4\/wp-content\/uploads\/2019\/08\/H\u00f6henprofil-768x200.png 768w\" sizes=\"auto, (max-width: 1655px) 100vw, 1655px\" \/><figcaption><br><\/figcaption><\/figure>\n","protected":false},"excerpt":{"rendered":"<p>Im Jahr 2012, am 22 August (http:\/\/www.ufwaerts.ch\/wp4\/?p=1073) wurde nach mehr oder weniger [&hellip;]<\/p>\n","protected":false},"author":9,"featured_media":0,"comment_status":"open","ping_status":"closed","sticky":false,"template":"","format":"standard","meta":{"footnotes":""},"categories":[1],"tags":[],"class_list":["post-5501","post","type-post","status-publish","format-standard","hentry","category-allgemein"],"_links":{"self":[{"href":"http:\/\/www.ufwaerts.ch\/wp4\/index.php?rest_route=\/wp\/v2\/posts\/5501","targetHints":{"allow":["GET"]}}],"collection":[{"href":"http:\/\/www.ufwaerts.ch\/wp4\/index.php?rest_route=\/wp\/v2\/posts"}],"about":[{"href":"http:\/\/www.ufwaerts.ch\/wp4\/index.php?rest_route=\/wp\/v2\/types\/post"}],"author":[{"embeddable":true,"href":"http:\/\/www.ufwaerts.ch\/wp4\/index.php?rest_route=\/wp\/v2\/users\/9"}],"replies":[{"embeddable":true,"href":"http:\/\/www.ufwaerts.ch\/wp4\/index.php?rest_route=%2Fwp%2Fv2%2Fcomments&post=5501"}],"version-history":[{"count":3,"href":"http:\/\/www.ufwaerts.ch\/wp4\/index.php?rest_route=\/wp\/v2\/posts\/5501\/revisions"}],"predecessor-version":[{"id":5541,"href":"http:\/\/www.ufwaerts.ch\/wp4\/index.php?rest_route=\/wp\/v2\/posts\/5501\/revisions\/5541"}],"wp:attachment":[{"href":"http:\/\/www.ufwaerts.ch\/wp4\/index.php?rest_route=%2Fwp%2Fv2%2Fmedia&parent=5501"}],"wp:term":[{"taxonomy":"category","embeddable":true,"href":"http:\/\/www.ufwaerts.ch\/wp4\/index.php?rest_route=%2Fwp%2Fv2%2Fcategories&post=5501"},{"taxonomy":"post_tag","embeddable":true,"href":"http:\/\/www.ufwaerts.ch\/wp4\/index.php?rest_route=%2Fwp%2Fv2%2Ftags&post=5501"}],"curies":[{"name":"wp","href":"https:\/\/api.w.org\/{rel}","templated":true}]}}