{"id":1968,"date":"2014-12-24T16:45:40","date_gmt":"2014-12-24T14:45:40","guid":{"rendered":"http:\/\/www.ufwaerts.ch\/wp4\/?p=1968"},"modified":"2014-12-24T16:50:18","modified_gmt":"2014-12-24T14:50:18","slug":"eggberg-24-12-2014","status":"publish","type":"post","link":"http:\/\/www.ufwaerts.ch\/wp4\/?p=1968","title":{"rendered":"Eggberg (2202m)"},"content":{"rendered":"<p><strong>Hou Hou Hooou! &#8211; Die Lutz-Challenge mit Gewinnspiel!<\/strong><\/p>\n<p>Traditionell der Weihnachtsbricht vom Steimaendli:<br \/>\n<em>(as)<\/em> Wo h\u00e4ts denn do Schnee?<br \/>\nAlle Jahre wieder lassen wir uns verleiten von all den Fantasten, die angeblich die ultimativen Schneel\u00f6cher entdeckt haben wollen. Wir, die fantastischen 3 l\u00f6sten wie schon des \u00f6fteren das R\u00e4tsel der Schneel\u00f6cher.<br \/>\nWilli probierte es als erstes mit einer Traumdiagnose. 1 Stunde sp\u00e4ter klarte der Plan auf. in der selben Zeit probierten Sascha und ich die L\u00f6sung nicht im Kaffeesatz, sondern in der Himmelsr\u00f6te zu finden. Leider ohne Erfolg &#8211; der Schnee blieb aus. Nun folgten wir dem Epizentrum der genannten Schneel\u00f6cher. Gafia sucten wir auf. Spitz am B\u00fcel war eher spitz als b\u00fcel&#8230; Sagten uns, dass die Gemeinde den Schnee vielleicht aus Kostengr\u00fcnden oder wegen der bevorstehenden Fusion eingezogen hat. Ja nu &#8211; Lutz muss her! \u00c4bisch H\u00fcttli wird nun eingeheizt und der leztte Schnee schmilzt vom Dach. Staini w\u00fcrde sagen &#8220;Jetzt muss ein guter Plan her&#8221;. Gesagt &#8211; getan: Ein Zielpunkt namens &#8220;Anker&#8221; wird gesetzt. Landeplatz ist sauber, Hindernisse stehen genug zur Verf\u00fcgung. Nun der Krampf: Eggberg wird bestiegen. Leider hingen uns die Schuhe \u00fcberall in den Alpenrosenstr\u00e4uchern fest. Daher war es ein m\u00fchsamer Aufstieg. Gipfel erreich, nun muss definitiv ein Plan her! \u00a0Pany im Gr\u00fcnen oder Gafia im Braunen (Aso tschuldigung Sascha &#8211; im gefleckten&#8230;). Willi zieht auf und setzt sofort zu einem T\u00e4uschungsman\u00f6ver an, auf welches wir jedoch nicht hereinfallen. Hou Hou Houu sind die Lawinenverbauungen nah! Auch die Schneeh\u00fchner schiessen aus ihren L\u00f6chern! Zum Gl\u00fcck ist Frau Valier nicht vor Ort! Willi entschliesst sich f\u00fcr die Steilhanglandevolte (Sorry Radio Grischa). Ich suche meine Landpiste auf der Gafiaautobahn. Sascha wollte die Schneepfosten noch ein wenig umstellen. Einem knappen Sprutz erhielt der Zwerg jedoch trotzdem.<br \/>\nZur\u00fcck in der \u00c4bisch H\u00fctte schmeckt das zweite Getr\u00e4nk schon viel ges\u00fcnder, denn es ist mit Alpenkr\u00e4utern mineralisiert. Hou Hou Houu!<br \/>\nUnd was lernen wir von all den Schneeschm\u00f6ckern?\u00a0N\u00fct!<\/p>\n<p>Frohe Festtage &#8211; Hou Hou Hooou!<\/p>\n<p><strong>Und hier das allj\u00e4hrliche Weihnachtsquiz: Wie lange sch\u00e4tzt du die Flugstrecke von Sascha (in Metern)? Schreibe die Antwort als Kommentar und gewinne ein Steimaendli-Giveaway!!! Einsendeschluss: 1.01.2015 \u00a000:00<\/strong><\/p>\n<p><img loading=\"lazy\" decoding=\"async\" class=\"aligncenter size-full wp-image-1969\" src=\"http:\/\/www.ufwaerts.ch\/wp4\/wp-content\/uploads\/2014\/12\/caralfly0011.jpg\" alt=\"caralfly001\" width=\"920\" height=\"518\" \/>Morgenr\u00f6te in Putz<\/p>\n<p><img loading=\"lazy\" decoding=\"async\" class=\"aligncenter size-full wp-image-1970\" src=\"http:\/\/www.ufwaerts.ch\/wp4\/wp-content\/uploads\/2014\/12\/caralfly0021.jpg\" alt=\"caralfly002\" width=\"920\" height=\"518\" \/>Zoom Plattenh\u00f6rner<\/p>\n<p><img loading=\"lazy\" decoding=\"async\" class=\"aligncenter size-full wp-image-1971\" src=\"http:\/\/www.ufwaerts.ch\/wp4\/wp-content\/uploads\/2014\/12\/caralfly0031.jpg\" alt=\"caralfly003\" width=\"920\" height=\"518\" \/>Gafia &#8211; der Zwerg ist gesetzt<\/p>\n<p><img loading=\"lazy\" decoding=\"async\" class=\"aligncenter size-full wp-image-1972\" src=\"http:\/\/www.ufwaerts.ch\/wp4\/wp-content\/uploads\/2014\/12\/caralfly0041.jpg\" alt=\"caralfly004\" width=\"920\" height=\"518\" \/>Es ist gespurt!<\/p>\n<p><img loading=\"lazy\" decoding=\"async\" class=\"aligncenter size-full wp-image-1973\" src=\"http:\/\/www.ufwaerts.ch\/wp4\/wp-content\/uploads\/2014\/12\/caralfly0051.jpg\" alt=\"caralfly005\" width=\"920\" height=\"518\" \/>Schneeloch!<\/p>\n<p><img loading=\"lazy\" decoding=\"async\" class=\"aligncenter size-full wp-image-1974\" src=\"http:\/\/www.ufwaerts.ch\/wp4\/wp-content\/uploads\/2014\/12\/caralfly0061.jpg\" alt=\"caralfly006\" width=\"920\" height=\"518\" \/>Am Startplatz<\/p>\n<p><img loading=\"lazy\" decoding=\"async\" class=\"aligncenter size-full wp-image-1975\" src=\"http:\/\/www.ufwaerts.ch\/wp4\/wp-content\/uploads\/2014\/12\/caralfly0071.jpg\" alt=\"caralfly007\" width=\"920\" height=\"518\" \/>Bew\u00f6lkung \u00fcber dem J\u00e4gglisch Horn<\/p>\n<p><img loading=\"lazy\" decoding=\"async\" class=\"aligncenter size-full wp-image-1976\" src=\"http:\/\/www.ufwaerts.ch\/wp4\/wp-content\/uploads\/2014\/12\/caralfly0081.jpg\" alt=\"caralfly008\" width=\"920\" height=\"518\" \/>Willi hebt ab<\/p>\n<p><img loading=\"lazy\" decoding=\"async\" class=\"aligncenter size-full wp-image-1977\" src=\"http:\/\/www.ufwaerts.ch\/wp4\/wp-content\/uploads\/2014\/12\/caralfly009.jpg\" alt=\"caralfly009\" width=\"920\" height=\"518\" \/>Andres greift an<\/p>\n<p><img loading=\"lazy\" decoding=\"async\" class=\"aligncenter size-full wp-image-1978\" src=\"http:\/\/www.ufwaerts.ch\/wp4\/wp-content\/uploads\/2014\/12\/caralfly010.jpg\" alt=\"caralfly010\" width=\"920\" height=\"518\" \/>Airborne<\/p>\n<p><img loading=\"lazy\" decoding=\"async\" class=\"aligncenter size-full wp-image-1979\" src=\"http:\/\/www.ufwaerts.ch\/wp4\/wp-content\/uploads\/2014\/12\/caralfly011.jpg\" alt=\"caralfly011\" width=\"920\" height=\"518\" \/>Als letzter fliege ich \u00fcber die Alp<\/p>\n<p><img loading=\"lazy\" decoding=\"async\" class=\"aligncenter size-full wp-image-1980\" src=\"http:\/\/www.ufwaerts.ch\/wp4\/wp-content\/uploads\/2014\/12\/caralfly012.jpg\" alt=\"caralfly012\" width=\"920\" height=\"518\" \/>Tiefflug<\/p>\n<p><img loading=\"lazy\" decoding=\"async\" class=\"aligncenter size-full wp-image-1981\" src=\"http:\/\/www.ufwaerts.ch\/wp4\/wp-content\/uploads\/2014\/12\/caralfly013.jpg\" alt=\"caralfly013\" width=\"920\" height=\"517\" \/>Wo ist der Zwerg?<\/p>\n<p><img loading=\"lazy\" decoding=\"async\" class=\"aligncenter size-full wp-image-1982\" src=\"http:\/\/www.ufwaerts.ch\/wp4\/wp-content\/uploads\/2014\/12\/caralfly014.jpg\" alt=\"caralfly014\" width=\"920\" height=\"517\" \/>Enger Landeplatz<\/p>\n<p><img loading=\"lazy\" decoding=\"async\" class=\"aligncenter size-full wp-image-1983\" src=\"http:\/\/www.ufwaerts.ch\/wp4\/wp-content\/uploads\/2014\/12\/caralfly015.jpg\" alt=\"caralfly015\" width=\"920\" height=\"518\" \/>Ohne Landschaden<\/p>\n<p><img loading=\"lazy\" decoding=\"async\" class=\"aligncenter size-full wp-image-1984\" src=\"http:\/\/www.ufwaerts.ch\/wp4\/wp-content\/uploads\/2014\/12\/caralfly016.jpg\" alt=\"caralfly016\" width=\"920\" height=\"518\" \/>Bericht wird verfasst<\/p>\n<p>[map style=&#8221;width: auto; height:400px; margin:20px 0px 20px 0px; border: 1px solid black;&#8221; maptype=&#8221;SATELLITE&#8221; gpx=&#8221;http:\/\/www.ufwaerts.ch\/wp4\/wp-content\/uploads\/20141221_eggberghf.gpx&#8221; elevation=&#8221;no&#8221; download=&#8221;no&#8221;]<\/p>\n","protected":false},"excerpt":{"rendered":"<p>Hou Hou Hooou! &#8211; Die Lutz-Challenge mit Gewinnspiel! Traditionell der Weihnachtsbricht vom [&hellip;]<\/p>\n","protected":false},"author":1,"featured_media":0,"comment_status":"open","ping_status":"closed","sticky":false,"template":"","format":"standard","meta":{"footnotes":""},"categories":[8],"tags":[9],"class_list":["post-1968","post","type-post","status-publish","format-standard","hentry","category-hike-and-fly","tag-praettigau"],"_links":{"self":[{"href":"http:\/\/www.ufwaerts.ch\/wp4\/index.php?rest_route=\/wp\/v2\/posts\/1968","targetHints":{"allow":["GET"]}}],"collection":[{"href":"http:\/\/www.ufwaerts.ch\/wp4\/index.php?rest_route=\/wp\/v2\/posts"}],"about":[{"href":"http:\/\/www.ufwaerts.ch\/wp4\/index.php?rest_route=\/wp\/v2\/types\/post"}],"author":[{"embeddable":true,"href":"http:\/\/www.ufwaerts.ch\/wp4\/index.php?rest_route=\/wp\/v2\/users\/1"}],"replies":[{"embeddable":true,"href":"http:\/\/www.ufwaerts.ch\/wp4\/index.php?rest_route=%2Fwp%2Fv2%2Fcomments&post=1968"}],"version-history":[{"count":3,"href":"http:\/\/www.ufwaerts.ch\/wp4\/index.php?rest_route=\/wp\/v2\/posts\/1968\/revisions"}],"predecessor-version":[{"id":1987,"href":"http:\/\/www.ufwaerts.ch\/wp4\/index.php?rest_route=\/wp\/v2\/posts\/1968\/revisions\/1987"}],"wp:attachment":[{"href":"http:\/\/www.ufwaerts.ch\/wp4\/index.php?rest_route=%2Fwp%2Fv2%2Fmedia&parent=1968"}],"wp:term":[{"taxonomy":"category","embeddable":true,"href":"http:\/\/www.ufwaerts.ch\/wp4\/index.php?rest_route=%2Fwp%2Fv2%2Fcategories&post=1968"},{"taxonomy":"post_tag","embeddable":true,"href":"http:\/\/www.ufwaerts.ch\/wp4\/index.php?rest_route=%2Fwp%2Fv2%2Ftags&post=1968"}],"curies":[{"name":"wp","href":"https:\/\/api.w.org\/{rel}","templated":true}]}}