{"id":1881,"date":"2006-09-23T21:02:30","date_gmt":"2006-09-23T19:02:30","guid":{"rendered":"http:\/\/www.ufwaerts.ch\/wp4\/?p=1881"},"modified":"2014-12-15T21:03:26","modified_gmt":"2014-12-15T19:03:26","slug":"haldensteiner-calanda-2805m-4","status":"publish","type":"post","link":"http:\/\/www.ufwaerts.ch\/wp4\/?p=1881","title":{"rendered":"Haldensteiner Calanda (2805m)"},"content":{"rendered":"<p><strong>Bike and Hike auf den Calanda <\/strong>2805\u00a0m \u00fc. M<\/p>\n<p>Die K\u00f6nigstour der ersten \u00dc30 Bike-Saison!<\/p>\n<p>mit Buffy und P\u00f6lla<\/p>\n<p>Route:<br \/>\nBike: Zizers 560m &#8211;\u00a0Haldenstein &#8211;\u00a0Calandah\u00fctte SAC 2073m<br \/>\nHike: Calandah\u00fctte SAC 2073m &#8211; Haldensteiner Calanda 2805m &#8211; T\u00fcfels Chilchli &#8211; Calandah\u00fctte SAC<br \/>\nBike: Calandah\u00fctte SAC &#8211;\u00a0Vazer Alp &#8211; Untervaz\u00a0&#8211; Zizers<\/p>\n<p>Start 07:00 in Zizers. Zum Fr\u00fchturnen gabs als Erstes 1550 H\u00f6henmeter \u00fcber steile Kiesstrassen zur Calandah\u00fctte.<br \/>\nNach dem Wechsel des Schuhwerks nahmen wir von dort aus nochmal 735 H\u00f6henmeter zu Fuss in Angriff.<br \/>\nUm 14:00 kamen wir endlich mit einem Smile im Gesicht auf unserem Gipfel an!<br \/>\nMit insgesamt 2400 H\u00f6henmetern hat sich diese Tour ganz klar die Krone verdient.<br \/>\nNach der ausgiebigen Gipfelrast\u00a0bei extrem angenehmen Temperaturen (das verschwitzte Biketrikot reichte aus)<br \/>\ngings dann via T\u00fcfels Chilchli zu H\u00fctte zur\u00fcck. Von dort aus \u00fcber Single Trails zur Vazer Alp und schlussendlich<br \/>\nnach Hause.<\/p>\n<p>Bilder zur Tour:<\/p>\n<p><img loading=\"lazy\" decoding=\"async\" src=\"http:\/\/www.saschabuchli.ch\/contrexx\/images\/content\/1u30.JPG\" alt=\"\" width=\"490\" height=\"653\" data-cke-saved-src=\"http:\/\/www.saschabuchli.ch\/contrexx\/images\/content\/1u30.JPG\" \/><br \/>\nEinstieg in Haldenstein<\/p>\n<p><img loading=\"lazy\" decoding=\"async\" src=\"http:\/\/www.saschabuchli.ch\/contrexx\/images\/content\/2onboardcam.JPG\" alt=\"\" width=\"490\" height=\"653\" data-cke-saved-src=\"http:\/\/www.saschabuchli.ch\/contrexx\/images\/content\/2onboardcam.JPG\" \/><br \/>\nOnboard-Kamera<\/p>\n<p><img loading=\"lazy\" decoding=\"async\" src=\"http:\/\/www.saschabuchli.ch\/contrexx\/images\/content\/3rast2.JPG\" alt=\"\" width=\"490\" height=\"368\" data-cke-saved-src=\"http:\/\/www.saschabuchli.ch\/contrexx\/images\/content\/3rast2.JPG\" \/><br \/>\nBike and Hike-Ausr\u00fcstung<\/p>\n<p><img loading=\"lazy\" decoding=\"async\" src=\"http:\/\/www.saschabuchli.ch\/contrexx\/images\/content\/4calandahutte%20%281%29.JPG\" alt=\"\" width=\"490\" height=\"368\" data-cke-saved-src=\"http:\/\/www.saschabuchli.ch\/contrexx\/images\/content\/4calandahutte%20(1).JPG\" \/><br \/>\nKurz vor der Calandah\u00fctte<\/p>\n<p><img loading=\"lazy\" decoding=\"async\" src=\"http:\/\/www.saschabuchli.ch\/contrexx\/images\/content\/5calandahutte.JPG\" alt=\"\" width=\"490\" height=\"368\" data-cke-saved-src=\"http:\/\/www.saschabuchli.ch\/contrexx\/images\/content\/5calandahutte.JPG\" \/><br \/>\nErstes Etappenziel geschafft: Calandah\u00fctte.<\/p>\n<p><img loading=\"lazy\" decoding=\"async\" src=\"http:\/\/www.saschabuchli.ch\/contrexx\/images\/content\/6querung.JPG\" alt=\"\" width=\"490\" height=\"368\" data-cke-saved-src=\"http:\/\/www.saschabuchli.ch\/contrexx\/images\/content\/6querung.JPG\" \/><br \/>\nWeiter gings also zu Fuss. Die n\u00e4chsten gut 700 H\u00f6henmeter warteten auf uns.<br \/>\nUnd: es ist nicht das, wonachs aussieht \ud83d\ude09<\/p>\n<p><img loading=\"lazy\" decoding=\"async\" src=\"http:\/\/www.saschabuchli.ch\/contrexx\/images\/content\/7tufelschilchli.JPG\" alt=\"\" width=\"490\" height=\"368\" data-cke-saved-src=\"http:\/\/www.saschabuchli.ch\/contrexx\/images\/content\/7tufelschilchli.JPG\" \/><br \/>\nFelsberger Calanda und T\u00fcfelschilchli<\/p>\n<p><img loading=\"lazy\" decoding=\"async\" src=\"http:\/\/www.saschabuchli.ch\/contrexx\/images\/content\/8grat.JPG\" alt=\"\" width=\"490\" height=\"368\" data-cke-saved-src=\"http:\/\/www.saschabuchli.ch\/contrexx\/images\/content\/8grat.JPG\" \/><br \/>\nP\u00f6llas H\u00f6henmesser hatte schon recht: Das ist noch nicht der Gipfel&#8230;<\/p>\n<p><img loading=\"lazy\" decoding=\"async\" src=\"http:\/\/www.saschabuchli.ch\/contrexx\/images\/content\/9steimaennli%20%281%29.JPG\" alt=\"\" width=\"490\" height=\"368\" data-cke-saved-src=\"http:\/\/www.saschabuchli.ch\/contrexx\/images\/content\/9steimaennli%20(1).JPG\" \/><br \/>\nSteim\u00e4ndli<\/p>\n<p><img loading=\"lazy\" decoding=\"async\" src=\"http:\/\/www.saschabuchli.ch\/contrexx\/images\/content\/10gigerwald.JPG\" alt=\"\" width=\"490\" height=\"368\" data-cke-saved-src=\"http:\/\/www.saschabuchli.ch\/contrexx\/images\/content\/10gigerwald.JPG\" \/><br \/>\nDort unten war ich doch vor zwei Wochen!<\/p>\n<p><img loading=\"lazy\" decoding=\"async\" src=\"http:\/\/www.saschabuchli.ch\/contrexx\/images\/content\/11gipfelselbstaufloser.JPG\" alt=\"\" width=\"490\" height=\"368\" data-cke-saved-src=\"http:\/\/www.saschabuchli.ch\/contrexx\/images\/content\/11gipfelselbstaufloser.JPG\" \/><br \/>\nJupiii! Calanda 2805m.<\/p>\n<p><img loading=\"lazy\" decoding=\"async\" src=\"http:\/\/www.saschabuchli.ch\/contrexx\/images\/content\/13schifer%20%281%29.JPG\" alt=\"\" width=\"490\" height=\"368\" data-cke-saved-src=\"http:\/\/www.saschabuchli.ch\/contrexx\/images\/content\/13schifer%20(1).JPG\" \/><br \/>\nAbstieg \u00fcber die Westseite zum T\u00fcfelschilchli.<br \/>\nZur\u00fcck bei der Calandah\u00fctte nochmal Schuhe wechseln und die Bikes satteln.<\/p>\n<p><img loading=\"lazy\" decoding=\"async\" src=\"http:\/\/www.saschabuchli.ch\/contrexx\/images\/content\/14singletrack_vazer%20alp.JPG\" alt=\"\" width=\"490\" height=\"653\" data-cke-saved-src=\"http:\/\/www.saschabuchli.ch\/contrexx\/images\/content\/14singletrack_vazer%20alp.JPG\" \/><br \/>\nP\u00f6lla kriegte nicht genug und f\u00fchrte uns zu einem Single track zur Vazer Alp<\/p>\n<p><img loading=\"lazy\" decoding=\"async\" src=\"http:\/\/www.saschabuchli.ch\/contrexx\/images\/content\/15abkurzung.JPG\" alt=\"\" width=\"490\" height=\"653\" data-cke-saved-src=\"http:\/\/www.saschabuchli.ch\/contrexx\/images\/content\/15abkurzung.JPG\" \/><br \/>\nJetz isch fertig! Dr Plackaschlarggi ufm Fully<\/p>\n<p>Nach insgesamt ca. 2400 H\u00f6henmeter und 11 Stunden sp\u00e4ter kamen wir wieder bei unserem<br \/>\nAusganspunkt in Zizers an. Sorry Titi, du musstest wohl gestern Abend alleine ans Weinfest.<br \/>\nGute Besserung!<\/p>\n","protected":false},"excerpt":{"rendered":"<p>Bike and Hike auf den Calanda 2805\u00a0m \u00fc. M Die K\u00f6nigstour der [&hellip;]<\/p>\n","protected":false},"author":1,"featured_media":0,"comment_status":"open","ping_status":"closed","sticky":false,"template":"","format":"standard","meta":{"footnotes":""},"categories":[5,6],"tags":[12],"class_list":["post-1881","post","type-post","status-publish","format-standard","hentry","category-bergtouren","category-biketouren","tag-rheintal"],"_links":{"self":[{"href":"http:\/\/www.ufwaerts.ch\/wp4\/index.php?rest_route=\/wp\/v2\/posts\/1881","targetHints":{"allow":["GET"]}}],"collection":[{"href":"http:\/\/www.ufwaerts.ch\/wp4\/index.php?rest_route=\/wp\/v2\/posts"}],"about":[{"href":"http:\/\/www.ufwaerts.ch\/wp4\/index.php?rest_route=\/wp\/v2\/types\/post"}],"author":[{"embeddable":true,"href":"http:\/\/www.ufwaerts.ch\/wp4\/index.php?rest_route=\/wp\/v2\/users\/1"}],"replies":[{"embeddable":true,"href":"http:\/\/www.ufwaerts.ch\/wp4\/index.php?rest_route=%2Fwp%2Fv2%2Fcomments&post=1881"}],"version-history":[{"count":1,"href":"http:\/\/www.ufwaerts.ch\/wp4\/index.php?rest_route=\/wp\/v2\/posts\/1881\/revisions"}],"predecessor-version":[{"id":1882,"href":"http:\/\/www.ufwaerts.ch\/wp4\/index.php?rest_route=\/wp\/v2\/posts\/1881\/revisions\/1882"}],"wp:attachment":[{"href":"http:\/\/www.ufwaerts.ch\/wp4\/index.php?rest_route=%2Fwp%2Fv2%2Fmedia&parent=1881"}],"wp:term":[{"taxonomy":"category","embeddable":true,"href":"http:\/\/www.ufwaerts.ch\/wp4\/index.php?rest_route=%2Fwp%2Fv2%2Fcategories&post=1881"},{"taxonomy":"post_tag","embeddable":true,"href":"http:\/\/www.ufwaerts.ch\/wp4\/index.php?rest_route=%2Fwp%2Fv2%2Ftags&post=1881"}],"curies":[{"name":"wp","href":"https:\/\/api.w.org\/{rel}","templated":true}]}}