{"id":1641,"date":"2010-04-17T18:09:13","date_gmt":"2010-04-17T16:09:13","guid":{"rendered":"http:\/\/www.ufwaerts.ch\/wp4\/?p=1641"},"modified":"2014-12-14T18:10:06","modified_gmt":"2014-12-14T16:10:06","slug":"piz-giuv-schattig-wichel-3096m","status":"publish","type":"post","link":"http:\/\/www.ufwaerts.ch\/wp4\/?p=1641","title":{"rendered":"Piz Giuv \/ Schattig Wichel (3096m)"},"content":{"rendered":"<p><strong>Erste Sahne am Oberalp<\/strong><\/p>\n<p>Route: Dieni (Kapelle Giuv) 1600m &#8211; Mulinatsch &#8211; Val Giuv &#8211; Pt. 2617 &#8211; NE-Grat &#8211; Piz Giuv 3096m<br \/>\n1500 H\u00f6henmeter<\/p>\n<p>Nach Ratlosigkeit am Vorabend antschloss ich mich kurzerhand, das Oberalpgebiet aufzusuchen. Ich erhoffte mir eine letzte Chance, dieses Jahr noch den Oberalpstock besteigen zu k\u00f6nnen. Schliesslich w\u00fcrden die Disentiser Bergbahnen dieses Wochenende noch laufen. Also Freitagabend noch ab Richtung Oberland. Zum Gl\u00fcck kam ich noch bei Tageshelle in Disentis an und machte einen Rekognoszierungs-Schlenker nach Sedrun. Das Val Strem, meine geplante Abfahrtsroute vom Oberalpstock, sah leider ziemlich schneefrei aus und so plante ich um: Mein Ziel f\u00fcr den Samstag wurde der Piz Giuv, ein vielger\u00fchmter Sulz-Geheimtipp. Kurze Fahrt nach Curaglia, Quartier beziehen. Nachdem ich schliesslich das Pendel der Wanduhr mit st\u00fcndlichem Gong zum stoppen brachte, konnte ich meine ersehnte Nachtruhe geniessen.<br \/>\n07:00 begann ich meinen Aufstieg oberhalb Dieni, nachdem ich noch den spektakul\u00e4ren Sonnenaufgang fotografierte. Bald war f\u00fcr mich dann aber Ende Sonne &#8211; das Val Giuv liegt morgens noch lange im Schatten. Der Schnee wird so aber genau im unteren Teil der Abfahrt &#8220;konserviert&#8221; und sulzt so sp\u00e4ter auf als der Gipfelhang. Das richtige Timing f\u00fcr die Abfahrt wird einem auf diese Weise erheblich erleichtert \ud83d\ude09<br \/>\nBei der Ankunft auf dem NE-Grat des Schattig Wichels bot sich mir dann ein eindr\u00fcckliches Panorama in die Urner Berge mit dem Maderanertal im Norden und der Medelser Gruppe und den Tessinern im S\u00fcden. Ebenfalls war die Aschewolke des Isl\u00e4nder Vulkanausbruchs mit blossem Auge zu erkennen. Kurz vor der Ankunft im Skidepot holte ich noch ein nettes Engadiner P\u00e4rchen ein und genoss mit den beiden die Gipfelrast. Die folgende Abfahrt hielt dann, was sie versprach: Sulz par excellence auf 1400 H\u00f6henmetern &#8211; also beinahe bis zum Auto! Die untersten 100 H\u00f6henmeter waren halt schon seit 5 Stunden der Fr\u00fchlingssonne ausgesetzt und dementsprechend schon &#8220;hin\u00fcber&#8221;. Fazit: Piz Giuv &#8211; eine sehr lohnende Fr\u00fchlingsskitour mit fantastischer Aussicht \ud83d\ude42<\/p>\n<p><img loading=\"lazy\" decoding=\"async\" src=\"http:\/\/ufwaerts.ch\/contrexx\/images\/content\/giuv2010web\/giuv2010002.jpg\" alt=\"\" width=\"600\" height=\"800\" data-cke-saved-src=\"\/contrexx\/images\/content\/giuv2010web\/giuv2010002.jpg\" \/><br \/>\nOb nun wegen der Vulkanasche oder nicht &#8211; Hammer Sonnenaufgang!<\/p>\n<p><img loading=\"lazy\" decoding=\"async\" src=\"http:\/\/ufwaerts.ch\/contrexx\/images\/content\/giuv2010web\/giuv2010panokl004.jpg\" alt=\"\" width=\"800\" height=\"161\" data-cke-saved-src=\"\/contrexx\/images\/content\/giuv2010web\/giuv2010panokl004.jpg\" \/><br \/>\nDer Eingang ins Val Giuv im Panorama \u00a0\u00a0 <a href=\"http:\/\/ufwaerts.ch\/contrexx\/images\/content\/giuv2010web\/giuv2010panogr500004.jpg?csrf=LTMzOTM1MTU4Nw__\" target=\"_blank\" data-cke-saved-href=\"\/contrexx\/images\/content\/giuv2010web\/giuv2010panogr500004.jpg?csrf=LTMzOTM1MTU4Nw__\">(Klicken f\u00fcr Grosse Ausf\u00fchrung)<\/a><\/p>\n<p><img loading=\"lazy\" decoding=\"async\" src=\"http:\/\/ufwaerts.ch\/contrexx\/images\/content\/giuv2010web\/giuv2010003.jpg\" alt=\"\" width=\"800\" height=\"487\" data-cke-saved-src=\"\/contrexx\/images\/content\/giuv2010web\/giuv2010003.jpg\" \/><br \/>\nIm Schattigen Tal mit Blick auf den schon beheizten Gipfelhang<\/p>\n<p><img loading=\"lazy\" decoding=\"async\" src=\"http:\/\/ufwaerts.ch\/contrexx\/images\/content\/giuv2010web\/giuv2010005.jpg\" alt=\"\" width=\"800\" height=\"600\" data-cke-saved-src=\"\/contrexx\/images\/content\/giuv2010web\/giuv2010005.jpg\" \/><br \/>\nZweiter Sonnenaufgang<\/p>\n<p><img loading=\"lazy\" decoding=\"async\" src=\"http:\/\/ufwaerts.ch\/contrexx\/images\/content\/giuv2010web\/giuv2010004.jpg\" alt=\"\" width=\"800\" height=\"543\" data-cke-saved-src=\"\/contrexx\/images\/content\/giuv2010web\/giuv2010004.jpg\" \/><br \/>\nBizarrer Grat und interessante Abfahrtsroute<\/p>\n<p><img loading=\"lazy\" decoding=\"async\" src=\"http:\/\/ufwaerts.ch\/contrexx\/images\/content\/giuv2010web\/giuv2010006.jpg\" alt=\"\" width=\"800\" height=\"504\" data-cke-saved-src=\"\/contrexx\/images\/content\/giuv2010web\/giuv2010006.jpg\" \/><br \/>\nBlick talausw\u00e4rts an der Licht-\/Schattengrenze<\/p>\n<p><img loading=\"lazy\" decoding=\"async\" src=\"http:\/\/ufwaerts.ch\/contrexx\/images\/content\/giuv2010web\/giuv2010panokl001.jpg\" alt=\"\" width=\"800\" height=\"254\" data-cke-saved-src=\"\/contrexx\/images\/content\/giuv2010web\/giuv2010panokl001.jpg\" \/><br \/>\nPano: Piz Nair und Culmatsch\u00a0 <a href=\"http:\/\/ufwaerts.ch\/contrexx\/images\/content\/giuv2010web\/giuv2010panogr500001.jpg?csrf=LTMzOTM1MTU4Nw__\" target=\"_blank\" data-cke-saved-href=\"\/contrexx\/images\/content\/giuv2010web\/giuv2010panogr500001.jpg?csrf=LTMzOTM1MTU4Nw__\">(Klick hier f\u00fcr Grossversion)<\/a><\/p>\n<p><img loading=\"lazy\" decoding=\"async\" src=\"http:\/\/ufwaerts.ch\/contrexx\/images\/content\/giuv2010web\/giuv2010007.jpg\" alt=\"\" width=\"800\" height=\"495\" data-cke-saved-src=\"\/contrexx\/images\/content\/giuv2010web\/giuv2010007.jpg\" \/><br \/>\nVal Giuv: Ein Bilderbuch-U-Tal<\/p>\n<p><img loading=\"lazy\" decoding=\"async\" src=\"http:\/\/ufwaerts.ch\/contrexx\/images\/content\/giuv2010web\/giuv2010008.jpg\" alt=\"\" width=\"800\" height=\"501\" data-cke-saved-src=\"\/contrexx\/images\/content\/giuv2010web\/giuv2010008.jpg\" \/><br \/>\nAnkunft Gipfelgrat: Blick \u00fcber den Culmatsch zur Medelser Gruppe<\/p>\n<p><img loading=\"lazy\" decoding=\"async\" src=\"http:\/\/ufwaerts.ch\/contrexx\/images\/content\/giuv2010web\/giuv2010009.jpg\" alt=\"\" width=\"800\" height=\"557\" data-cke-saved-src=\"\/contrexx\/images\/content\/giuv2010web\/giuv2010009.jpg\" \/><br \/>\nGipfelfoto<\/p>\n<p><img loading=\"lazy\" decoding=\"async\" src=\"http:\/\/ufwaerts.ch\/contrexx\/images\/content\/giuv2010web\/giuv2010panokl002.jpg\" alt=\"\" width=\"800\" height=\"233\" data-cke-saved-src=\"\/contrexx\/images\/content\/giuv2010web\/giuv2010panokl002.jpg\" \/><br \/>\nGipfelpano Nord &#8211; man beachte die dunkle Aschewolke!<br \/>\n<a href=\"http:\/\/ufwaerts.ch\/contrexx\/images\/content\/giuv2010web\/giuv2010panogr500002.jpg?csrf=LTMzOTM1MTU4Nw__\" target=\"_blank\" data-cke-saved-href=\"\/contrexx\/images\/content\/giuv2010web\/giuv2010panogr500002.jpg?csrf=LTMzOTM1MTU4Nw__\">(Hier Klicken f\u00fcr Grosse Ausf\u00fchrung)<\/a><\/p>\n<p><img loading=\"lazy\" decoding=\"async\" src=\"http:\/\/ufwaerts.ch\/contrexx\/images\/content\/giuv2010web\/giuv2010panokl003.jpg\" alt=\"\" width=\"800\" height=\"203\" data-cke-saved-src=\"\/contrexx\/images\/content\/giuv2010web\/giuv2010panokl003.jpg\" \/><br \/>\nGipfelpanorama S\u00fcd\u00a0\u00a0\u00a0<a href=\"http:\/\/ufwaerts.ch\/contrexx\/images\/content\/giuv2010web\/giuv2010panogr500003.jpg?csrf=LTMzOTM1MTU4Nw__\" target=\"_blank\" data-cke-saved-href=\"\/contrexx\/images\/content\/giuv2010web\/giuv2010panogr500003.jpg?csrf=LTMzOTM1MTU4Nw__\"> (Klicken f\u00fcr Grosse Ausf\u00fchrung)<\/a><\/p>\n<p><img loading=\"lazy\" decoding=\"async\" src=\"http:\/\/ufwaerts.ch\/contrexx\/images\/content\/giuv2010web\/giuv2010010.jpg\" alt=\"\" width=\"800\" height=\"548\" data-cke-saved-src=\"\/contrexx\/images\/content\/giuv2010web\/giuv2010010.jpg\" \/><br \/>\nNochmals die Medelser Gruppe im Zoom. Das hinten Rechts d\u00fcrfte wohl das Rheinwaldhorn sein?!<\/p>\n<p><img loading=\"lazy\" decoding=\"async\" src=\"http:\/\/ufwaerts.ch\/contrexx\/images\/content\/giuv2010web\/giuv2010011.jpg\" alt=\"\" width=\"800\" height=\"472\" data-cke-saved-src=\"\/contrexx\/images\/content\/giuv2010web\/giuv2010011.jpg\" \/><br \/>\nSulztraum um 12:00 im inzwischen sonnendurchfluteten Val Giuv<\/p>\n<p><img loading=\"lazy\" decoding=\"async\" src=\"http:\/\/ufwaerts.ch\/contrexx\/images\/content\/giuv2010web\/giuv2010012.jpg\" alt=\"\" width=\"800\" height=\"509\" data-cke-saved-src=\"\/contrexx\/images\/content\/giuv2010web\/giuv2010012.jpg\" \/><br \/>\nZur\u00fcck beim Auto: Morgens konnte ich noch mit Ski loslaufen, zur\u00fcck musste ich 50m tragen. Der Fr\u00fchling ist da&#8230;<\/p>\n<p><img loading=\"lazy\" decoding=\"async\" src=\"http:\/\/ufwaerts.ch\/contrexx\/images\/content\/giuv2010web\/giuv2010001.jpg\" alt=\"\" width=\"800\" height=\"469\" data-cke-saved-src=\"\/contrexx\/images\/content\/giuv2010web\/giuv2010001.jpg\" \/><br \/>\nRoute 230a zum Schattig Wichel<\/p>\n","protected":false},"excerpt":{"rendered":"<p>Erste Sahne am Oberalp Route: Dieni (Kapelle Giuv) 1600m &#8211; Mulinatsch &#8211; [&hellip;]<\/p>\n","protected":false},"author":1,"featured_media":0,"comment_status":"open","ping_status":"closed","sticky":false,"template":"","format":"standard","meta":{"footnotes":""},"categories":[4],"tags":[39],"class_list":["post-1641","post","type-post","status-publish","format-standard","hentry","category-skitouren","tag-surselva"],"_links":{"self":[{"href":"http:\/\/www.ufwaerts.ch\/wp4\/index.php?rest_route=\/wp\/v2\/posts\/1641","targetHints":{"allow":["GET"]}}],"collection":[{"href":"http:\/\/www.ufwaerts.ch\/wp4\/index.php?rest_route=\/wp\/v2\/posts"}],"about":[{"href":"http:\/\/www.ufwaerts.ch\/wp4\/index.php?rest_route=\/wp\/v2\/types\/post"}],"author":[{"embeddable":true,"href":"http:\/\/www.ufwaerts.ch\/wp4\/index.php?rest_route=\/wp\/v2\/users\/1"}],"replies":[{"embeddable":true,"href":"http:\/\/www.ufwaerts.ch\/wp4\/index.php?rest_route=%2Fwp%2Fv2%2Fcomments&post=1641"}],"version-history":[{"count":1,"href":"http:\/\/www.ufwaerts.ch\/wp4\/index.php?rest_route=\/wp\/v2\/posts\/1641\/revisions"}],"predecessor-version":[{"id":1642,"href":"http:\/\/www.ufwaerts.ch\/wp4\/index.php?rest_route=\/wp\/v2\/posts\/1641\/revisions\/1642"}],"wp:attachment":[{"href":"http:\/\/www.ufwaerts.ch\/wp4\/index.php?rest_route=%2Fwp%2Fv2%2Fmedia&parent=1641"}],"wp:term":[{"taxonomy":"category","embeddable":true,"href":"http:\/\/www.ufwaerts.ch\/wp4\/index.php?rest_route=%2Fwp%2Fv2%2Fcategories&post=1641"},{"taxonomy":"post_tag","embeddable":true,"href":"http:\/\/www.ufwaerts.ch\/wp4\/index.php?rest_route=%2Fwp%2Fv2%2Ftags&post=1641"}],"curies":[{"name":"wp","href":"https:\/\/api.w.org\/{rel}","templated":true}]}}