{"id":1637,"date":"2010-04-29T18:05:26","date_gmt":"2010-04-29T16:05:26","guid":{"rendered":"http:\/\/www.ufwaerts.ch\/wp4\/?p=1637"},"modified":"2014-12-14T18:06:20","modified_gmt":"2014-12-14T16:06:20","slug":"zapporthorn-3152m","status":"publish","type":"post","link":"http:\/\/www.ufwaerts.ch\/wp4\/?p=1637","title":{"rendered":"Zapporthorn (3152m)"},"content":{"rendered":"<p><strong>Gipfelerfolg beim zweiten Anlauf<\/strong><\/p>\n<p>Route: Camping San Bernardino 1690m &#8211; Ca de Mucia &#8211; La Leca &#8211; Ghiaccaio de Mucia &#8211; Zapporthorn 3152m<br \/>\n1470 H\u00f6henmeter<\/p>\n<p>Steven wollte seine Skitouren-Premiere am Zapporthorn zelebrieren. So deckte er sich gestern mit einer Komplettausr\u00fcstung ein und das Abenteuer konnte beginnen. Abfahrt war auf 04:30 in Zizers angesetzt, so dass wir p\u00fcnktlich um 05:30 in San Bernardino loswandern konnten. Die ersten 3km \/ 200 Hm allerdings noch in den Turnschuhen mit aufgeschnallter Skiausr\u00fcstung&#8230;<br \/>\nBei der Ca de Mucia auf 1899m &#8220;Turnschuhdepot&#8221; (das sollte sich Stunden sp\u00e4ter noch als Fehler herausstellen). Nun konnte sich Steven endlich seinen neuen Bandit unter die Schuhe schnallen und erste Skitourenluft schnuppern. Etwas unterhalb des Skidepots errichtete er dann sein Basecamp und genoss den ersten Bergsommertag, w\u00e4hrend ich mich zum Skidepot aufmachte. Dort husch husch die Steigeisen montiert und den Gipfel gest\u00fcrmt. Der Gipfelaufstieg ist teilweise ziemlich ausgesetzt und wartete heute an einer Stelle sogar noch mit Blankeis auf.\u00a0Ich musste mich im &#8220;Mixed-Style&#8221; vorbeimogeln.\u00a0Die Aussicht vom Zapporthorn ist wahrlich atemberaubend! Mittlerweile schwappte das Nebelmeer \u00fcber den Pass de Mucia bedrohlich in unseren Talkessel. Wir kamen bei der Abfahrt jedoch mit einem blauen Auge &#8211; sprich stets guter Sicht davon. Im oberen Teil perfekter Sulz,\u00a0unten fliessend \u00a0in tiefen Beton \u00fcbergehend. Wen wunderts &#8211; bei 28\u00b0C H\u00f6chsttemperatur&#8230;<br \/>\nZur\u00fcck bei unserem Turnschuhdepot mussten wir befremdet feststellen, dass unsere bequemen Treter, welche wir hier f\u00fcr die 3 verbleibenden Strassenkilometer zur\u00fcckgelassen hatten, nicht auf uns warten wollten. Jedenfalls waren sie spurlos verschwunden :-S<br \/>\nTja &#8211; halt wieder etwas gelernt&#8230;<\/p>\n<p><img loading=\"lazy\" decoding=\"async\" src=\"http:\/\/ufwaerts.ch\/contrexx\/images\/content\/zapport2010\/zapport2010_001.jpg\" alt=\"\" width=\"600\" height=\"450\" data-cke-saved-src=\"\/contrexx\/images\/content\/zapport2010\/zapport2010_001.jpg\" \/><br \/>\nDer Vollmond strahlt bei der Abfahrt in Zizers<\/p>\n<p><img loading=\"lazy\" decoding=\"async\" src=\"http:\/\/ufwaerts.ch\/contrexx\/images\/content\/zapport2010\/zapport2010_002.jpg\" alt=\"\" width=\"800\" height=\"600\" data-cke-saved-src=\"\/contrexx\/images\/content\/zapport2010\/zapport2010_002.jpg\" \/><br \/>\nSteven buckelt seinen Bandit Richtung San Bernardinopass<\/p>\n<p><img loading=\"lazy\" decoding=\"async\" src=\"http:\/\/ufwaerts.ch\/contrexx\/images\/content\/zapport2010\/zapport2010_003.jpg\" alt=\"\" width=\"600\" height=\"800\" data-cke-saved-src=\"\/contrexx\/images\/content\/zapport2010\/zapport2010_003.jpg\" \/><br \/>\ndynamisch gehts \u00fcber den Bach<\/p>\n<p><img loading=\"lazy\" decoding=\"async\" src=\"http:\/\/ufwaerts.ch\/contrexx\/images\/content\/zapport2010\/zapport2010_004.jpg\" alt=\"\" width=\"600\" height=\"800\" data-cke-saved-src=\"\/contrexx\/images\/content\/zapport2010\/zapport2010_004.jpg\" \/><br \/>\nim S\u00fcden wars heute nicht immer ganz wolkenlos<\/p>\n<p><img loading=\"lazy\" decoding=\"async\" src=\"http:\/\/ufwaerts.ch\/contrexx\/images\/content\/zapport2010\/zapport2010_005.jpg\" alt=\"\" width=\"800\" height=\"600\" data-cke-saved-src=\"\/contrexx\/images\/content\/zapport2010\/zapport2010_005.jpg\" \/><br \/>\nAller Anfang ist schwer &#8211; das gilt auch f\u00fcr Spitzkehren<\/p>\n<p><img loading=\"lazy\" decoding=\"async\" src=\"http:\/\/ufwaerts.ch\/contrexx\/images\/content\/zapport2010\/zapport2010_006.jpg\" alt=\"\" width=\"800\" height=\"600\" data-cke-saved-src=\"\/contrexx\/images\/content\/zapport2010\/zapport2010_006.jpg\" \/><br \/>\nimmer sch\u00f6n ufwaerts<\/p>\n<p><img loading=\"lazy\" decoding=\"async\" src=\"http:\/\/ufwaerts.ch\/contrexx\/images\/content\/zapport2010\/zapport2010_007.jpg\" alt=\"\" width=\"800\" height=\"511\" data-cke-saved-src=\"\/contrexx\/images\/content\/zapport2010\/zapport2010_007.jpg\" \/><br \/>\nZapporthorn 3152m<\/p>\n<p><img loading=\"lazy\" decoding=\"async\" src=\"http:\/\/ufwaerts.ch\/contrexx\/images\/content\/zapport2010\/zapport2010_009.jpg\" alt=\"\" width=\"600\" height=\"800\" data-cke-saved-src=\"\/contrexx\/images\/content\/zapport2010\/zapport2010_009.jpg\" \/><br \/>\nSteven vor dem Pizzo Ferre<\/p>\n<p><img loading=\"lazy\" decoding=\"async\" src=\"http:\/\/ufwaerts.ch\/contrexx\/images\/content\/zapport2010\/zapport2010_010.jpg\" alt=\"\" width=\"800\" height=\"509\" data-cke-saved-src=\"\/contrexx\/images\/content\/zapport2010\/zapport2010_010.jpg\" \/><br \/>\nEinshorn<\/p>\n<p><img loading=\"lazy\" decoding=\"async\" src=\"http:\/\/ufwaerts.ch\/contrexx\/images\/content\/zapport2010\/zapport2010_016.jpg\" alt=\"\" width=\"800\" height=\"232\" data-cke-saved-src=\"\/contrexx\/images\/content\/zapport2010\/zapport2010_016.jpg\" \/><br \/>\nkleines Pano aus dem Gipfelcouloir. Piz de Mucia g\u00fcggslet aus dem Nebelmeer\u00a0\u00a0\u00a0\u00a0\u00a0\u00a0\u00a0\u00a0 <a href=\"http:\/\/ufwaerts.ch\/contrexx\/images\/content\/zapport2010\/dsc2704pano_zapportskidepot_nebel.jpg?csrf=NzYwNTgxNTQ5\" target=\"_blank\" data-cke-saved-href=\"\/contrexx\/images\/content\/zapport2010\/dsc2704pano_zapportskidepot_nebel.jpg?csrf=NzYwNTgxNTQ5\">(hier Klicken f\u00fcr Grosse Version)<\/a><\/p>\n<p><img loading=\"lazy\" decoding=\"async\" src=\"http:\/\/ufwaerts.ch\/contrexx\/images\/content\/zapport2010\/zapport2010_011.jpg\" alt=\"\" width=\"600\" height=\"800\" data-cke-saved-src=\"\/contrexx\/images\/content\/zapport2010\/zapport2010_011.jpg\" \/><br \/>\non Top<\/p>\n<p><img loading=\"lazy\" decoding=\"async\" src=\"http:\/\/ufwaerts.ch\/contrexx\/images\/content\/zapport2010\/zapport2010_017.jpg\" alt=\"\" width=\"800\" height=\"163\" data-cke-saved-src=\"\/contrexx\/images\/content\/zapport2010\/zapport2010_017.jpg\" \/><br \/>\n180\u00b0 Panorama vom Zapporthorn Richtung Nord\u00a0\u00a0\u00a0\u00a0\u00a0\u00a0\u00a0<a href=\"http:\/\/ufwaerts.ch\/contrexx\/images\/content\/zapport2010\/dsc2718pano_zapportgipfel_nord.jpg?csrf=NzYwNTgxNTQ5\" target=\"_blank\" data-cke-saved-href=\"\/contrexx\/images\/content\/zapport2010\/dsc2718pano_zapportgipfel_nord.jpg?csrf=NzYwNTgxNTQ5\">(Hier Klicken f\u00fcr Grosse Version)<\/a><\/p>\n<p><img loading=\"lazy\" decoding=\"async\" src=\"http:\/\/ufwaerts.ch\/contrexx\/images\/content\/zapport2010\/zapport2010_012.jpg\" alt=\"\" width=\"800\" height=\"600\" data-cke-saved-src=\"\/contrexx\/images\/content\/zapport2010\/zapport2010_012.jpg\" \/><br \/>\nSteven als Skifahrer<\/p>\n<p><img loading=\"lazy\" decoding=\"async\" src=\"http:\/\/ufwaerts.ch\/contrexx\/images\/content\/zapport2010\/zapport2010_013.jpg\" alt=\"\" width=\"800\" height=\"600\" data-cke-saved-src=\"\/contrexx\/images\/content\/zapport2010\/zapport2010_013.jpg\" \/><br \/>\nFr\u00fchlingsmakro<\/p>\n<p><img loading=\"lazy\" decoding=\"async\" src=\"http:\/\/ufwaerts.ch\/contrexx\/images\/content\/zapport2010\/zapport2010_014.jpg\" alt=\"\" width=\"800\" height=\"532\" data-cke-saved-src=\"\/contrexx\/images\/content\/zapport2010\/zapport2010_014.jpg\" \/><br \/>\nnoch mehr davon<\/p>\n<p><img loading=\"lazy\" decoding=\"async\" src=\"http:\/\/ufwaerts.ch\/contrexx\/images\/content\/zapport2010\/zapport2010_015.jpg\" alt=\"\" width=\"800\" height=\"600\" data-cke-saved-src=\"\/contrexx\/images\/content\/zapport2010\/zapport2010_015.jpg\" \/><br \/>\nKunst am Bach<\/p>\n<p><img loading=\"lazy\" decoding=\"async\" src=\"http:\/\/ufwaerts.ch\/contrexx\/images\/content\/zapport2010\/zapport2010_018.jpg\" alt=\"\" width=\"800\" height=\"469\" data-cke-saved-src=\"\/contrexx\/images\/content\/zapport2010\/zapport2010_018.jpg\" \/><br \/>\nTrack.<\/p>\n","protected":false},"excerpt":{"rendered":"<p>Gipfelerfolg beim zweiten Anlauf Route: Camping San Bernardino 1690m &#8211; Ca de [&hellip;]<\/p>\n","protected":false},"author":1,"featured_media":0,"comment_status":"open","ping_status":"closed","sticky":false,"template":"","format":"standard","meta":{"footnotes":""},"categories":[4],"tags":[55],"class_list":["post-1637","post","type-post","status-publish","format-standard","hentry","category-skitouren","tag-san-bernardino"],"_links":{"self":[{"href":"http:\/\/www.ufwaerts.ch\/wp4\/index.php?rest_route=\/wp\/v2\/posts\/1637","targetHints":{"allow":["GET"]}}],"collection":[{"href":"http:\/\/www.ufwaerts.ch\/wp4\/index.php?rest_route=\/wp\/v2\/posts"}],"about":[{"href":"http:\/\/www.ufwaerts.ch\/wp4\/index.php?rest_route=\/wp\/v2\/types\/post"}],"author":[{"embeddable":true,"href":"http:\/\/www.ufwaerts.ch\/wp4\/index.php?rest_route=\/wp\/v2\/users\/1"}],"replies":[{"embeddable":true,"href":"http:\/\/www.ufwaerts.ch\/wp4\/index.php?rest_route=%2Fwp%2Fv2%2Fcomments&post=1637"}],"version-history":[{"count":1,"href":"http:\/\/www.ufwaerts.ch\/wp4\/index.php?rest_route=\/wp\/v2\/posts\/1637\/revisions"}],"predecessor-version":[{"id":1638,"href":"http:\/\/www.ufwaerts.ch\/wp4\/index.php?rest_route=\/wp\/v2\/posts\/1637\/revisions\/1638"}],"wp:attachment":[{"href":"http:\/\/www.ufwaerts.ch\/wp4\/index.php?rest_route=%2Fwp%2Fv2%2Fmedia&parent=1637"}],"wp:term":[{"taxonomy":"category","embeddable":true,"href":"http:\/\/www.ufwaerts.ch\/wp4\/index.php?rest_route=%2Fwp%2Fv2%2Fcategories&post=1637"},{"taxonomy":"post_tag","embeddable":true,"href":"http:\/\/www.ufwaerts.ch\/wp4\/index.php?rest_route=%2Fwp%2Fv2%2Ftags&post=1637"}],"curies":[{"name":"wp","href":"https:\/\/api.w.org\/{rel}","templated":true}]}}